{"id":1294,"date":"2025-04-03T15:32:16","date_gmt":"2025-04-03T13:32:16","guid":{"rendered":"https:\/\/lea-hansjuergen.com\/?p=1294"},"modified":"2025-04-03T17:35:09","modified_gmt":"2025-04-03T15:35:09","slug":"kreative-okosysteme","status":"publish","type":"post","link":"https:\/\/lea-hansjuergen.com\/en\/kreative-okosysteme\/","title":{"rendered":"Kreative \u00d6kosysteme"},"content":{"rendered":"<p>Als ich 2013 das Forum d&#8217;Avignon Ruhr mitorganisierte, lernte ich mit dem Konzept &#8222;Kreativwirtschaft&#8220; direkt auch die systemische Perspektive von &#8222;kreativen \u00d6kosystemen&#8220; kennen. Ich war f\u00fcr das Teilnehmer:innenmanagement zust\u00e4ndig und recherchierte europaweit f\u00fcr unsere Einladungen Kontakte: Minister:innen, B\u00fcrgermeister:innen, Verwaltungsangstellte, Verbandssprecher:innen, Kurator:innen und Musumsleitungen, kreative Unternehmer:innen, Kulturakteur:innen und K\u00fcnster:innen, Stadtentwickler:innen, Wissenschaftler:innen, Stiftungsvorst\u00e4nde, Wirtschaftsverb\u00e4nde, und viele weitere. Wir sa\u00dfen mit etwa 200 Personen aus den unterschiedlichsten Disziplinen im <a href=\"https:\/\/www.pact-zollverein.de\/\" target=\"_blank\" rel=\"noreferrer noopener\">pact Zollverein<\/a> und diskutierten relevante Themen. Sie alle waren Stakeholder der europ\u00e4ischen Kultur- und Kreativwirtschaft. Sie alle leisteten in ihrer Art und Weise einen Beitrag und zogen auf ihre Art und Weise einen Nutzen aus dem System. Sie waren wie Organismen in einem \u00d6kosystem miteinander verbunden. <\/p>\n\n\n\n<p>Einige Jahre sp\u00e4ter initiierte ich eine eigene \u00d6kosystem-Veranstaltung, den <a href=\"https:\/\/lea-hansjuergen.com\/en\/xo-talk-hintergrund\/\" data-type=\"post\" data-id=\"1054\">XO TALK<\/a>, da ich merkte, wie die Verkn\u00fcpfungen unter den Stakeholdern untereinander fehlten.<\/p>\n\n\n\n<h2 class=\"wp-block-heading\">Alter Wein in neuen Schl\u00e4uchen?<\/h2>\n\n\n\n<p>Ist \u00d6kosystem das neue Netzwerk? Aus meiner Perspektive wird mit dem Bild eines \u201ekreativen \u00d6kosystems\u201c das Netzwerkthema um eine relevante Perspektive erg\u00e4nzt. Sehen wir Kreativschaffende nicht als isolierte Akteursgruppe, sondern als Organismen innerhalb eines lokalen \u00d6kosystems, wird deutlich, dass ihr kreatives Wirken und ihr unternehmerischer Erfolg von vielen weiteren Organismen, d.h. Akteursgruppen, abh\u00e4ngt. Die \u00d6kosystem-Perspektive enth\u00fcllt die vielschichtigen Beziehungen und Wechselwirkungen zwischen den Macher:innen und den M\u00f6glichmacher:innen.<\/p>\n\n\n\n<p>Durch ihr Zusammenspiel entstehen kreative Projekte und Unternehmungen. Beispiel ist etwa der Einfluss von kreativen Transferinstituten auf die Innovationst\u00e4tigkeit von lokalen Unternehmen, die Rolle lokaler Ausstellungsfl\u00e4chen f\u00fcr die Sichtbarkeit von K\u00fcnstler:innen oder der Zugang zu r\u00e4umlichen und technischen Infrastruktur der Hochschulen und Bildungstr\u00e4ger f\u00fcr Kreativschaffende im Gr\u00fcndungsprozess.<\/p>\n\n\n\n<p>Jede dieser Akteursgruppen spielt eine wesentliche Rolle, um Kreativschaffende zu unterst\u00fctzen, zu inspirieren und deren Chancen auf Erfolg in einem dynamischen Markt zu verbessern.<\/p>\n\n\n\n<p>Um den Mehrwert f\u00fcr Synergien zu begreifen, ben\u00f6tigt es ein gewisses Ma\u00df an sog. Schnittstellenkompetenz, dem Verst\u00e4ndnis von unterschiedlichen Welten. Schnittstellenakteur:innen in kreativen \u00d6kosystemen nehmen oft mehrere Perspektiven ein. Sie erkennen den Mehrwert von Interaktionen und Kooperationen und spielen eine entscheidende Rolle darin, Br\u00fccken zwischen unterschiedlichen Disziplinen, Kommunikationsarten und Wertvorstellungen zu bauen. Diese Personen sind wesentliche Vermittler:innen, die den Austausch und die Zusammenarbeit innerhalb des kreativen Netzwerks f\u00f6rdern und somit zur St\u00e4rkung der gesamten Kreativlandschaft beitragen.<\/p>\n\n\n\n<p>Das Wissen um diese Verkn\u00fcpfungen erm\u00f6glicht es, Hemmnisse zu identifizieren, Synergien zu nutzen und ein gesundes, pulsierendes kreatives \u00d6kosystem zu gestalten, das weit \u00fcber die Summe seiner Einzelteile hinausgeht.<\/p>\n\n\n\n<figure class=\"wp-block-image size-large\"><img loading=\"lazy\" decoding=\"async\" width=\"1024\" height=\"768\" src=\"https:\/\/lea-hansjuergen.com\/wp-content\/uploads\/2025\/04\/Kreaives-Okosystem-1024x768.jpeg\" alt=\"\" class=\"wp-image-1297\" srcset=\"https:\/\/lea-hansjuergen.com\/wp-content\/uploads\/2025\/04\/Kreaives-Okosystem-1024x768.jpeg 1024w, https:\/\/lea-hansjuergen.com\/wp-content\/uploads\/2025\/04\/Kreaives-Okosystem-300x225.jpeg 300w, https:\/\/lea-hansjuergen.com\/wp-content\/uploads\/2025\/04\/Kreaives-Okosystem-768x576.jpeg 768w, https:\/\/lea-hansjuergen.com\/wp-content\/uploads\/2025\/04\/Kreaives-Okosystem-1536x1151.jpeg 1536w, https:\/\/lea-hansjuergen.com\/wp-content\/uploads\/2025\/04\/Kreaives-Okosystem.jpeg 2001w\" sizes=\"auto, (max-width: 1024px) 100vw, 1024px\" \/><figcaption class=\"wp-element-caption\">Abbildung: Kreatives \u00d6kosystem, eigene Darstellung<\/figcaption><\/figure>\n\n\n\n<div style=\"height:51px\" aria-hidden=\"true\" class=\"wp-block-spacer\"><\/div>\n\n\n\n<h2 class=\"wp-block-heading\">Wer geh\u00f6rt also zu kreativen \u00d6kosystemen? <\/h2>\n\n\n\n<p>Hier sind einige Akteursgruppen beispielhaft genannt:<\/p>\n\n\n\n<p><strong>Kunst, Kultur, Kreativwirtschaft<\/strong><\/p>\n\n\n\n<p>z.B. Grafiker:innen, Designer:innen, Medienprodu- zent:innen, Musiker:innen, Autor:innen, Filmemacher:innen, Fotografen:innen, K\u00fcnstler:innen, Game Designer:innen, Architekt:innen<\/p>\n\n\n\n<p><strong>Politik und Verwaltung<\/strong><\/p>\n\n\n\n<p>z.B. Kulturpolitiker:innen, Verwaltungsangestellte aus Kultur\u00e4mtern, Vertreter:innen von F\u00f6rderinstitutionen, Entscheidungstr\u00e4ger:innen in der Stadtentwicklung, im Ordnungsamt und Gr\u00fcnfl\u00e4chenamt<\/p>\n\n\n\n<p><strong>Bildungseinrichtungen<\/strong><\/p>\n\n\n\n<p>z.B. Professor:innen und Dozent:innen, Lehrkr\u00e4fte an Fach- und Berufsschulen f\u00fcr kreative Berufe, Mentoren in kreativen Ausbildungsprogrammen, Koor- dinator:innen von Praktika und F\u00f6rderprogrammen<\/p>\n\n\n\n<p><strong>Lokale und regionale Unternehmen<\/strong><\/p>\n\n\n\n<p>z.B. H\u00e4ndler:innen, mittelst\u00e4ndische Unternehmen, Agenturen, Produktionsfirmen, Start-ups<\/p>\n\n\n\n<p><strong>Stiftungen und private Investor:innen<\/strong><\/p>\n\n\n\n<p>z.B. \u00f6ffentliche Kulturf\u00f6rderer:innen, private Investor:innen, Stiftungsvertreter:innen, Wirtschaftsverb\u00e4nde<\/p>\n\n\n\n<p><strong>Stadtgesellschaft<\/strong><\/p>\n\n\n\n<p>z.B. aktive Teilnehmer:innen an Kulturveranstaltungen und Festivals, Unterst\u00fctzer:innen lokaler K\u00fcnstler:innen und kreativer Projekte, Ehrenamtliche in kulturellen Initiativen und Vereinen, Interessierte an Workshops und kreativen Kursen, Kritiker:innen und Feedbackgeber:innen f\u00fcr kulturelle Angebote, Netzwerker:innen, die Verbindungen zwischen Kreativschaffenden und der breiten \u00d6ffentlichkeit herstellen<\/p>\n\n\n\n<p><\/p>\n\n\n\n<h2 class=\"wp-block-heading\">Literatur<\/h2>\n\n\n\n<p><br>Lange, Bastian; Kalandides, Ares; St\u00f6ber, Birgit; Wellmann, Inga (2009): <a href=\"https:\/\/www.transcript-verlag.de\/media\/pdf\/7e\/3f\/57\/oa9783839409961K5o7EgOXmXXXt.pdf\">Governance der Kreativwirtschaft<\/a> : Diagnosen und Handlungsoptionen \/ Bastian Lange, Ares Kalandides, Birgit St\u00f6ber, Inga Wellmann (Hg.). Bielefeld: transcript Verlag (Urban Studies).<\/p>\n\n\n\n<p><\/p>\n\n\n\n<p><\/p>","protected":false},"excerpt":{"rendered":"<p>Als ich 2013 das Forum d&#8217;Avignon Ruhr mitorganisierte, lernte ich mit dem Konzept &#8222;Kreativwirtschaft&#8220; direkt auch die systemische Perspektive von &#8222;kreativen \u00d6kosystemen&#8220; kennen. Ich war f\u00fcr das Teilnehmer:innenmanagement zust\u00e4ndig und recherchierte europaweit f\u00fcr unsere Einladungen Kontakte: Minister:innen, B\u00fcrgermeister:innen, Verwaltungsangstellte, Verbandssprecher:innen, Kurator:innen und Musumsleitungen, kreative Unternehmer:innen, Kulturakteur:innen und K\u00fcnster:innen, Stadtentwickler:innen, Wissenschaftler:innen, Stiftungsvorst\u00e4nde, Wirtschaftsverb\u00e4nde, und viele weitere. [&hellip;]<\/p>\n","protected":false},"author":1,"featured_media":1297,"comment_status":"closed","ping_status":"closed","sticky":false,"template":"","format":"standard","meta":{"footnotes":""},"categories":[32],"tags":[],"class_list":["post-1294","post","type-post","status-publish","format-standard","has-post-thumbnail","hentry","category-blog"],"_links":{"self":[{"href":"https:\/\/lea-hansjuergen.com\/en\/wp-json\/wp\/v2\/posts\/1294","targetHints":{"allow":["GET"]}}],"collection":[{"href":"https:\/\/lea-hansjuergen.com\/en\/wp-json\/wp\/v2\/posts"}],"about":[{"href":"https:\/\/lea-hansjuergen.com\/en\/wp-json\/wp\/v2\/types\/post"}],"author":[{"embeddable":true,"href":"https:\/\/lea-hansjuergen.com\/en\/wp-json\/wp\/v2\/users\/1"}],"replies":[{"embeddable":true,"href":"https:\/\/lea-hansjuergen.com\/en\/wp-json\/wp\/v2\/comments?post=1294"}],"version-history":[{"count":9,"href":"https:\/\/lea-hansjuergen.com\/en\/wp-json\/wp\/v2\/posts\/1294\/revisions"}],"predecessor-version":[{"id":1307,"href":"https:\/\/lea-hansjuergen.com\/en\/wp-json\/wp\/v2\/posts\/1294\/revisions\/1307"}],"wp:featuredmedia":[{"embeddable":true,"href":"https:\/\/lea-hansjuergen.com\/en\/wp-json\/wp\/v2\/media\/1297"}],"wp:attachment":[{"href":"https:\/\/lea-hansjuergen.com\/en\/wp-json\/wp\/v2\/media?parent=1294"}],"wp:term":[{"taxonomy":"category","embeddable":true,"href":"https:\/\/lea-hansjuergen.com\/en\/wp-json\/wp\/v2\/categories?post=1294"},{"taxonomy":"post_tag","embeddable":true,"href":"https:\/\/lea-hansjuergen.com\/en\/wp-json\/wp\/v2\/tags?post=1294"}],"curies":[{"name":"wp","href":"https:\/\/api.w.org\/{rel}","templated":true}]}}